{"id":2630,"date":"2025-04-15T16:45:09","date_gmt":"2025-04-15T16:45:09","guid":{"rendered":"https:\/\/veterinariacapicuaaldaia.es\/?p=2630"},"modified":"2025-04-15T16:45:10","modified_gmt":"2025-04-15T16:45:10","slug":"que-es-la-enfermedad-periodontal","status":"publish","type":"post","link":"https:\/\/veterinariacapicuaaldaia.es\/index.php\/2025\/04\/15\/que-es-la-enfermedad-periodontal\/","title":{"rendered":"\u00bfQu\u00e9 es la enfermedad periodontal?"},"content":{"rendered":"\n<p>Es la inflamaci\u00f3n e infecci\u00f3n de los tejidos que rodean los dientes, lo que puede llevar a la p\u00e9rdida de dientes si no se trata adecuadamente. Esta enfermedad generalmente comienza con la acumulaci\u00f3n de placa bacteriana en los dientes, que puede endurecerse y convertirse en sarro.<\/p>\n\n\n\n<p><strong>SINTOMAS<\/strong><\/p>\n\n\n\n<ul class=\"wp-block-list\">\n<li>Mal aliento<\/li>\n\n\n\n<li>Enc\u00edas enrojecidas con presencia de sangre<\/li>\n\n\n\n<li>Dificultad para comer<\/li>\n\n\n\n<li>Dolor<\/li>\n\n\n\n<li>P\u00e9rdida de dientes<\/li>\n<\/ul>\n\n\n\n<figure class=\"wp-block-image size-full is-resized\"><img loading=\"lazy\" decoding=\"async\" width=\"500\" height=\"333\" src=\"https:\/\/veterinariacapicuaaldaia.es\/wp-content\/uploads\/2025\/04\/image-edited.png\" alt=\"\" class=\"wp-image-2633\" style=\"width:342px;height:auto\" srcset=\"https:\/\/veterinariacapicuaaldaia.es\/wp-content\/uploads\/2025\/04\/image-edited.png 500w, https:\/\/veterinariacapicuaaldaia.es\/wp-content\/uploads\/2025\/04\/image-edited-300x200.png 300w\" sizes=\"auto, (max-width: 500px) 100vw, 500px\" \/><\/figure>\n\n\n\n<p><strong>PREVENCI\u00d3N<\/strong><\/p>\n\n\n\n<p><strong>Cepillar los dientes:<\/strong> lo ideal es hacerlo cada d\u00eda. En caso de tener dificultades, hacerlo un par de veces a la semana tambi\u00e9n es beneficioso.<\/p>\n\n\n\n<p><strong>Juguetes y Snacks<\/strong>: proporcionar juguetes dise\u00f1ados para limpiar los dientes y snacks para reducir sarro y placa.<\/p>\n\n\n\n<p><strong>Dieta equilibrada<\/strong>: previene la aparici\u00f3n de placa bacteriana.<\/p>\n\n\n\n<p><strong>Revisiones veterinarias: <\/strong>el veterinario puede detectar problemas previos y evitar que se agraven.<\/p>\n\n\n\n<figure class=\"wp-block-image size-large is-resized\"><img loading=\"lazy\" decoding=\"async\" width=\"1024\" height=\"1024\" src=\"https:\/\/veterinariacapicuaaldaia.es\/wp-content\/uploads\/2025\/04\/Perro-en-el-dentista-1-1024x1024.jpg\" alt=\"\" class=\"wp-image-2634\" style=\"width:281px;height:auto\" srcset=\"https:\/\/veterinariacapicuaaldaia.es\/wp-content\/uploads\/2025\/04\/Perro-en-el-dentista-1-1024x1024.jpg 1024w, https:\/\/veterinariacapicuaaldaia.es\/wp-content\/uploads\/2025\/04\/Perro-en-el-dentista-1-300x300.jpg 300w, https:\/\/veterinariacapicuaaldaia.es\/wp-content\/uploads\/2025\/04\/Perro-en-el-dentista-1-150x150.jpg 150w, https:\/\/veterinariacapicuaaldaia.es\/wp-content\/uploads\/2025\/04\/Perro-en-el-dentista-1-768x768.jpg 768w, https:\/\/veterinariacapicuaaldaia.es\/wp-content\/uploads\/2025\/04\/Perro-en-el-dentista-1-1536x1536.jpg 1536w, https:\/\/veterinariacapicuaaldaia.es\/wp-content\/uploads\/2025\/04\/Perro-en-el-dentista-1.jpg 2048w\" sizes=\"auto, (max-width: 1024px) 100vw, 1024px\" \/><\/figure>\n\n\n\n<p><strong>TRATAMIENTO<\/strong><\/p>\n\n\n\n<p><strong>Limpieza dental profesional<\/strong>: si el animal ya tiene enfermedad periodontal, se puede realizar una limpieza para eliminar placa bacteriana y sarro.<\/p>\n\n\n\n<p><strong>Tratamiento antibacteriano<\/strong>: para combatir la infecci\u00f3n.<\/p>\n\n\n\n<p><strong>Extracci\u00f3n de dientes<\/strong><\/p>\n\n\n\n<p><strong>Despu\u00e9s de la limpieza : <\/strong>mantener una buena rutina de higiene dental en casa.<\/p>\n","protected":false},"excerpt":{"rendered":"<p>Es la inflamaci\u00f3n e infecci\u00f3n de los tejidos que rodean los dientes, lo que puede llevar a la p\u00e9rdida de dientes si no se trata adecuadamente. Esta enfermedad generalmente comienza con la acumulaci\u00f3n de placa bacteriana en los dientes, que puede endurecerse y convertirse en sarro. SINTOMAS PREVENCI\u00d3N Cepillar los dientes: lo ideal es hacerlo&hellip;<\/p>\n","protected":false},"author":1,"featured_media":2631,"comment_status":"open","ping_status":"closed","sticky":false,"template":"","format":"standard","meta":{"inline_featured_image":false,"footnotes":""},"categories":[52],"tags":[58,94,96,92,93,80,61],"class_list":["post-2630","post","type-post","status-publish","format-standard","has-post-thumbnail","hentry","category-consejos","tag-aldaia","tag-cirugia","tag-dientes","tag-higiene-bucodental","tag-limpieza-de-boca","tag-valencia","tag-veterinaria","category-52","description-off"],"yoast_head":"<!-- This site is optimized with the Yoast SEO plugin v27.5 - https:\/\/yoast.com\/product\/yoast-seo-wordpress\/ -->\n<title>\u00bfQu\u00e9 es la enfermedad periodontal? - Veterinaria en Aldaia Cap i Cua<\/title>\n<meta name=\"robots\" content=\"index, follow, max-snippet:-1, max-image-preview:large, max-video-preview:-1\" \/>\n<link rel=\"canonical\" href=\"https:\/\/veterinariacapicuaaldaia.es\/index.php\/2025\/04\/15\/que-es-la-enfermedad-periodontal\/\" \/>\n<meta property=\"og:locale\" content=\"es_ES\" \/>\n<meta property=\"og:type\" content=\"article\" \/>\n<meta property=\"og:title\" content=\"\u00bfQu\u00e9 es la enfermedad periodontal? - Veterinaria en Aldaia Cap i Cua\" \/>\n<meta property=\"og:description\" content=\"Es la inflamaci\u00f3n e infecci\u00f3n de los tejidos que rodean los dientes, lo que puede llevar a la p\u00e9rdida de dientes si no se trata adecuadamente. Esta enfermedad generalmente comienza con la acumulaci\u00f3n de placa bacteriana en los dientes, que puede endurecerse y convertirse en sarro. SINTOMAS PREVENCI\u00d3N Cepillar los dientes: lo ideal es hacerlo&hellip;\" \/>\n<meta property=\"og:url\" content=\"https:\/\/veterinariacapicuaaldaia.es\/index.php\/2025\/04\/15\/que-es-la-enfermedad-periodontal\/\" \/>\n<meta property=\"og:site_name\" content=\"Veterinaria en Aldaia Cap i Cua\" \/>\n<meta property=\"article:publisher\" content=\"https:\/\/www.facebook.com\/veterinariacapicua\/\" \/>\n<meta property=\"article:published_time\" content=\"2025-04-15T16:45:09+00:00\" \/>\n<meta property=\"article:modified_time\" content=\"2025-04-15T16:45:10+00:00\" \/>\n<meta property=\"og:image\" content=\"https:\/\/veterinariacapicuaaldaia.es\/wp-content\/uploads\/2025\/04\/Perro-en-el-dentista.jpg\" \/>\n\t<meta property=\"og:image:width\" content=\"1472\" \/>\n\t<meta property=\"og:image:height\" content=\"832\" \/>\n\t<meta property=\"og:image:type\" content=\"image\/jpeg\" \/>\n<meta name=\"author\" content=\"admin\" \/>\n<meta name=\"twitter:card\" content=\"summary_large_image\" \/>\n<meta name=\"twitter:label1\" content=\"Escrito por\" \/>\n\t<meta name=\"twitter:data1\" content=\"admin\" \/>\n\t<meta name=\"twitter:label2\" content=\"Tiempo de lectura\" \/>\n\t<meta name=\"twitter:data2\" content=\"2 minutos\" \/>\n<script type=\"application\/ld+json\" class=\"yoast-schema-graph\">{\"@context\":\"https:\\\/\\\/schema.org\",\"@graph\":[{\"@type\":\"Article\",\"@id\":\"https:\\\/\\\/veterinariacapicuaaldaia.es\\\/index.php\\\/2025\\\/04\\\/15\\\/que-es-la-enfermedad-periodontal\\\/#article\",\"isPartOf\":{\"@id\":\"https:\\\/\\\/veterinariacapicuaaldaia.es\\\/index.php\\\/2025\\\/04\\\/15\\\/que-es-la-enfermedad-periodontal\\\/\"},\"author\":{\"name\":\"admin\",\"@id\":\"https:\\\/\\\/veterinariacapicuaaldaia.es\\\/#\\\/schema\\\/person\\\/f4274351273b0d0cf4854a00c6c73dab\"},\"headline\":\"\u00bfQu\u00e9 es la enfermedad periodontal?\",\"datePublished\":\"2025-04-15T16:45:09+00:00\",\"dateModified\":\"2025-04-15T16:45:10+00:00\",\"mainEntityOfPage\":{\"@id\":\"https:\\\/\\\/veterinariacapicuaaldaia.es\\\/index.php\\\/2025\\\/04\\\/15\\\/que-es-la-enfermedad-periodontal\\\/\"},\"wordCount\":189,\"commentCount\":0,\"publisher\":{\"@id\":\"https:\\\/\\\/veterinariacapicuaaldaia.es\\\/#organization\"},\"image\":{\"@id\":\"https:\\\/\\\/veterinariacapicuaaldaia.es\\\/index.php\\\/2025\\\/04\\\/15\\\/que-es-la-enfermedad-periodontal\\\/#primaryimage\"},\"thumbnailUrl\":\"https:\\\/\\\/veterinariacapicuaaldaia.es\\\/wp-content\\\/uploads\\\/2025\\\/04\\\/Perro-en-el-dentista.jpg\",\"keywords\":[\"aldaia\",\"Cirugia\",\"Dientes\",\"higiene bucodental\",\"Limpieza de boca\",\"valencia\",\"veterinaria\"],\"articleSection\":[\"Consejos\"],\"inLanguage\":\"es\",\"potentialAction\":[{\"@type\":\"CommentAction\",\"name\":\"Comment\",\"target\":[\"https:\\\/\\\/veterinariacapicuaaldaia.es\\\/index.php\\\/2025\\\/04\\\/15\\\/que-es-la-enfermedad-periodontal\\\/#respond\"]}]},{\"@type\":\"WebPage\",\"@id\":\"https:\\\/\\\/veterinariacapicuaaldaia.es\\\/index.php\\\/2025\\\/04\\\/15\\\/que-es-la-enfermedad-periodontal\\\/\",\"url\":\"https:\\\/\\\/veterinariacapicuaaldaia.es\\\/index.php\\\/2025\\\/04\\\/15\\\/que-es-la-enfermedad-periodontal\\\/\",\"name\":\"\u00bfQu\u00e9 es la enfermedad periodontal? - Veterinaria en Aldaia Cap i Cua\",\"isPartOf\":{\"@id\":\"https:\\\/\\\/veterinariacapicuaaldaia.es\\\/#website\"},\"primaryImageOfPage\":{\"@id\":\"https:\\\/\\\/veterinariacapicuaaldaia.es\\\/index.php\\\/2025\\\/04\\\/15\\\/que-es-la-enfermedad-periodontal\\\/#primaryimage\"},\"image\":{\"@id\":\"https:\\\/\\\/veterinariacapicuaaldaia.es\\\/index.php\\\/2025\\\/04\\\/15\\\/que-es-la-enfermedad-periodontal\\\/#primaryimage\"},\"thumbnailUrl\":\"https:\\\/\\\/veterinariacapicuaaldaia.es\\\/wp-content\\\/uploads\\\/2025\\\/04\\\/Perro-en-el-dentista.jpg\",\"datePublished\":\"2025-04-15T16:45:09+00:00\",\"dateModified\":\"2025-04-15T16:45:10+00:00\",\"breadcrumb\":{\"@id\":\"https:\\\/\\\/veterinariacapicuaaldaia.es\\\/index.php\\\/2025\\\/04\\\/15\\\/que-es-la-enfermedad-periodontal\\\/#breadcrumb\"},\"inLanguage\":\"es\",\"potentialAction\":[{\"@type\":\"ReadAction\",\"target\":[\"https:\\\/\\\/veterinariacapicuaaldaia.es\\\/index.php\\\/2025\\\/04\\\/15\\\/que-es-la-enfermedad-periodontal\\\/\"]}]},{\"@type\":\"ImageObject\",\"inLanguage\":\"es\",\"@id\":\"https:\\\/\\\/veterinariacapicuaaldaia.es\\\/index.php\\\/2025\\\/04\\\/15\\\/que-es-la-enfermedad-periodontal\\\/#primaryimage\",\"url\":\"https:\\\/\\\/veterinariacapicuaaldaia.es\\\/wp-content\\\/uploads\\\/2025\\\/04\\\/Perro-en-el-dentista.jpg\",\"contentUrl\":\"https:\\\/\\\/veterinariacapicuaaldaia.es\\\/wp-content\\\/uploads\\\/2025\\\/04\\\/Perro-en-el-dentista.jpg\",\"width\":1472,\"height\":832},{\"@type\":\"BreadcrumbList\",\"@id\":\"https:\\\/\\\/veterinariacapicuaaldaia.es\\\/index.php\\\/2025\\\/04\\\/15\\\/que-es-la-enfermedad-periodontal\\\/#breadcrumb\",\"itemListElement\":[{\"@type\":\"ListItem\",\"position\":1,\"name\":\"Portada\",\"item\":\"https:\\\/\\\/veterinariacapicuaaldaia.es\\\/\"},{\"@type\":\"ListItem\",\"position\":2,\"name\":\"\u00bfQu\u00e9 es la enfermedad periodontal?\"}]},{\"@type\":\"WebSite\",\"@id\":\"https:\\\/\\\/veterinariacapicuaaldaia.es\\\/#website\",\"url\":\"https:\\\/\\\/veterinariacapicuaaldaia.es\\\/\",\"name\":\"Veterinaria en Aldaia Cap i Cua\",\"description\":\"Cl\u00ednica veterinaria en Aldaia, el centro veterinario cerca de Valencia comprometido con la medicina preventiva para perros y gatos.\",\"publisher\":{\"@id\":\"https:\\\/\\\/veterinariacapicuaaldaia.es\\\/#organization\"},\"potentialAction\":[{\"@type\":\"SearchAction\",\"target\":{\"@type\":\"EntryPoint\",\"urlTemplate\":\"https:\\\/\\\/veterinariacapicuaaldaia.es\\\/?s={search_term_string}\"},\"query-input\":{\"@type\":\"PropertyValueSpecification\",\"valueRequired\":true,\"valueName\":\"search_term_string\"}}],\"inLanguage\":\"es\"},{\"@type\":\"Organization\",\"@id\":\"https:\\\/\\\/veterinariacapicuaaldaia.es\\\/#organization\",\"name\":\"Veterinaria en Aldaia Cap i Cua\",\"url\":\"https:\\\/\\\/veterinariacapicuaaldaia.es\\\/\",\"logo\":{\"@type\":\"ImageObject\",\"inLanguage\":\"es\",\"@id\":\"https:\\\/\\\/veterinariacapicuaaldaia.es\\\/#\\\/schema\\\/logo\\\/image\\\/\",\"url\":\"https:\\\/\\\/veterinariacapicuaaldaia.es\\\/wp-content\\\/uploads\\\/2022\\\/06\\\/logo_512.png\",\"contentUrl\":\"https:\\\/\\\/veterinariacapicuaaldaia.es\\\/wp-content\\\/uploads\\\/2022\\\/06\\\/logo_512.png\",\"width\":512,\"height\":512,\"caption\":\"Veterinaria en Aldaia Cap i Cua\"},\"image\":{\"@id\":\"https:\\\/\\\/veterinariacapicuaaldaia.es\\\/#\\\/schema\\\/logo\\\/image\\\/\"},\"sameAs\":[\"https:\\\/\\\/www.facebook.com\\\/veterinariacapicua\\\/\",\"https:\\\/\\\/www.instagram.com\\\/capicuaaldaia\\\/\"]},{\"@type\":\"Person\",\"@id\":\"https:\\\/\\\/veterinariacapicuaaldaia.es\\\/#\\\/schema\\\/person\\\/f4274351273b0d0cf4854a00c6c73dab\",\"name\":\"admin\",\"image\":{\"@type\":\"ImageObject\",\"inLanguage\":\"es\",\"@id\":\"https:\\\/\\\/secure.gravatar.com\\\/avatar\\\/14efa70c2114ff359961200a0c22aa90a655c68a6a9526588f99ce2994288dcd?s=96&d=mm&r=g\",\"url\":\"https:\\\/\\\/secure.gravatar.com\\\/avatar\\\/14efa70c2114ff359961200a0c22aa90a655c68a6a9526588f99ce2994288dcd?s=96&d=mm&r=g\",\"contentUrl\":\"https:\\\/\\\/secure.gravatar.com\\\/avatar\\\/14efa70c2114ff359961200a0c22aa90a655c68a6a9526588f99ce2994288dcd?s=96&d=mm&r=g\",\"caption\":\"admin\"},\"sameAs\":[\"https:\\\/\\\/veterinariacapicuaaldaia.es\"],\"url\":\"https:\\\/\\\/veterinariacapicuaaldaia.es\\\/index.php\\\/author\\\/webservers_53wfrvm1\\\/\"}]}<\/script>\n<!-- \/ Yoast SEO plugin. -->","yoast_head_json":{"title":"\u00bfQu\u00e9 es la enfermedad periodontal? - Veterinaria en Aldaia Cap i Cua","robots":{"index":"index","follow":"follow","max-snippet":"max-snippet:-1","max-image-preview":"max-image-preview:large","max-video-preview":"max-video-preview:-1"},"canonical":"https:\/\/veterinariacapicuaaldaia.es\/index.php\/2025\/04\/15\/que-es-la-enfermedad-periodontal\/","og_locale":"es_ES","og_type":"article","og_title":"\u00bfQu\u00e9 es la enfermedad periodontal? - Veterinaria en Aldaia Cap i Cua","og_description":"Es la inflamaci\u00f3n e infecci\u00f3n de los tejidos que rodean los dientes, lo que puede llevar a la p\u00e9rdida de dientes si no se trata adecuadamente. Esta enfermedad generalmente comienza con la acumulaci\u00f3n de placa bacteriana en los dientes, que puede endurecerse y convertirse en sarro. SINTOMAS PREVENCI\u00d3N Cepillar los dientes: lo ideal es hacerlo&hellip;","og_url":"https:\/\/veterinariacapicuaaldaia.es\/index.php\/2025\/04\/15\/que-es-la-enfermedad-periodontal\/","og_site_name":"Veterinaria en Aldaia Cap i Cua","article_publisher":"https:\/\/www.facebook.com\/veterinariacapicua\/","article_published_time":"2025-04-15T16:45:09+00:00","article_modified_time":"2025-04-15T16:45:10+00:00","og_image":[{"width":1472,"height":832,"url":"https:\/\/veterinariacapicuaaldaia.es\/wp-content\/uploads\/2025\/04\/Perro-en-el-dentista.jpg","type":"image\/jpeg"}],"author":"admin","twitter_card":"summary_large_image","twitter_misc":{"Escrito por":"admin","Tiempo de lectura":"2 minutos"},"schema":{"@context":"https:\/\/schema.org","@graph":[{"@type":"Article","@id":"https:\/\/veterinariacapicuaaldaia.es\/index.php\/2025\/04\/15\/que-es-la-enfermedad-periodontal\/#article","isPartOf":{"@id":"https:\/\/veterinariacapicuaaldaia.es\/index.php\/2025\/04\/15\/que-es-la-enfermedad-periodontal\/"},"author":{"name":"admin","@id":"https:\/\/veterinariacapicuaaldaia.es\/#\/schema\/person\/f4274351273b0d0cf4854a00c6c73dab"},"headline":"\u00bfQu\u00e9 es la enfermedad periodontal?","datePublished":"2025-04-15T16:45:09+00:00","dateModified":"2025-04-15T16:45:10+00:00","mainEntityOfPage":{"@id":"https:\/\/veterinariacapicuaaldaia.es\/index.php\/2025\/04\/15\/que-es-la-enfermedad-periodontal\/"},"wordCount":189,"commentCount":0,"publisher":{"@id":"https:\/\/veterinariacapicuaaldaia.es\/#organization"},"image":{"@id":"https:\/\/veterinariacapicuaaldaia.es\/index.php\/2025\/04\/15\/que-es-la-enfermedad-periodontal\/#primaryimage"},"thumbnailUrl":"https:\/\/veterinariacapicuaaldaia.es\/wp-content\/uploads\/2025\/04\/Perro-en-el-dentista.jpg","keywords":["aldaia","Cirugia","Dientes","higiene bucodental","Limpieza de boca","valencia","veterinaria"],"articleSection":["Consejos"],"inLanguage":"es","potentialAction":[{"@type":"CommentAction","name":"Comment","target":["https:\/\/veterinariacapicuaaldaia.es\/index.php\/2025\/04\/15\/que-es-la-enfermedad-periodontal\/#respond"]}]},{"@type":"WebPage","@id":"https:\/\/veterinariacapicuaaldaia.es\/index.php\/2025\/04\/15\/que-es-la-enfermedad-periodontal\/","url":"https:\/\/veterinariacapicuaaldaia.es\/index.php\/2025\/04\/15\/que-es-la-enfermedad-periodontal\/","name":"\u00bfQu\u00e9 es la enfermedad periodontal? - Veterinaria en Aldaia Cap i Cua","isPartOf":{"@id":"https:\/\/veterinariacapicuaaldaia.es\/#website"},"primaryImageOfPage":{"@id":"https:\/\/veterinariacapicuaaldaia.es\/index.php\/2025\/04\/15\/que-es-la-enfermedad-periodontal\/#primaryimage"},"image":{"@id":"https:\/\/veterinariacapicuaaldaia.es\/index.php\/2025\/04\/15\/que-es-la-enfermedad-periodontal\/#primaryimage"},"thumbnailUrl":"https:\/\/veterinariacapicuaaldaia.es\/wp-content\/uploads\/2025\/04\/Perro-en-el-dentista.jpg","datePublished":"2025-04-15T16:45:09+00:00","dateModified":"2025-04-15T16:45:10+00:00","breadcrumb":{"@id":"https:\/\/veterinariacapicuaaldaia.es\/index.php\/2025\/04\/15\/que-es-la-enfermedad-periodontal\/#breadcrumb"},"inLanguage":"es","potentialAction":[{"@type":"ReadAction","target":["https:\/\/veterinariacapicuaaldaia.es\/index.php\/2025\/04\/15\/que-es-la-enfermedad-periodontal\/"]}]},{"@type":"ImageObject","inLanguage":"es","@id":"https:\/\/veterinariacapicuaaldaia.es\/index.php\/2025\/04\/15\/que-es-la-enfermedad-periodontal\/#primaryimage","url":"https:\/\/veterinariacapicuaaldaia.es\/wp-content\/uploads\/2025\/04\/Perro-en-el-dentista.jpg","contentUrl":"https:\/\/veterinariacapicuaaldaia.es\/wp-content\/uploads\/2025\/04\/Perro-en-el-dentista.jpg","width":1472,"height":832},{"@type":"BreadcrumbList","@id":"https:\/\/veterinariacapicuaaldaia.es\/index.php\/2025\/04\/15\/que-es-la-enfermedad-periodontal\/#breadcrumb","itemListElement":[{"@type":"ListItem","position":1,"name":"Portada","item":"https:\/\/veterinariacapicuaaldaia.es\/"},{"@type":"ListItem","position":2,"name":"\u00bfQu\u00e9 es la enfermedad periodontal?"}]},{"@type":"WebSite","@id":"https:\/\/veterinariacapicuaaldaia.es\/#website","url":"https:\/\/veterinariacapicuaaldaia.es\/","name":"Veterinaria en Aldaia Cap i Cua","description":"Cl\u00ednica veterinaria en Aldaia, el centro veterinario cerca de Valencia comprometido con la medicina preventiva para perros y gatos.","publisher":{"@id":"https:\/\/veterinariacapicuaaldaia.es\/#organization"},"potentialAction":[{"@type":"SearchAction","target":{"@type":"EntryPoint","urlTemplate":"https:\/\/veterinariacapicuaaldaia.es\/?s={search_term_string}"},"query-input":{"@type":"PropertyValueSpecification","valueRequired":true,"valueName":"search_term_string"}}],"inLanguage":"es"},{"@type":"Organization","@id":"https:\/\/veterinariacapicuaaldaia.es\/#organization","name":"Veterinaria en Aldaia Cap i Cua","url":"https:\/\/veterinariacapicuaaldaia.es\/","logo":{"@type":"ImageObject","inLanguage":"es","@id":"https:\/\/veterinariacapicuaaldaia.es\/#\/schema\/logo\/image\/","url":"https:\/\/veterinariacapicuaaldaia.es\/wp-content\/uploads\/2022\/06\/logo_512.png","contentUrl":"https:\/\/veterinariacapicuaaldaia.es\/wp-content\/uploads\/2022\/06\/logo_512.png","width":512,"height":512,"caption":"Veterinaria en Aldaia Cap i Cua"},"image":{"@id":"https:\/\/veterinariacapicuaaldaia.es\/#\/schema\/logo\/image\/"},"sameAs":["https:\/\/www.facebook.com\/veterinariacapicua\/","https:\/\/www.instagram.com\/capicuaaldaia\/"]},{"@type":"Person","@id":"https:\/\/veterinariacapicuaaldaia.es\/#\/schema\/person\/f4274351273b0d0cf4854a00c6c73dab","name":"admin","image":{"@type":"ImageObject","inLanguage":"es","@id":"https:\/\/secure.gravatar.com\/avatar\/14efa70c2114ff359961200a0c22aa90a655c68a6a9526588f99ce2994288dcd?s=96&d=mm&r=g","url":"https:\/\/secure.gravatar.com\/avatar\/14efa70c2114ff359961200a0c22aa90a655c68a6a9526588f99ce2994288dcd?s=96&d=mm&r=g","contentUrl":"https:\/\/secure.gravatar.com\/avatar\/14efa70c2114ff359961200a0c22aa90a655c68a6a9526588f99ce2994288dcd?s=96&d=mm&r=g","caption":"admin"},"sameAs":["https:\/\/veterinariacapicuaaldaia.es"],"url":"https:\/\/veterinariacapicuaaldaia.es\/index.php\/author\/webservers_53wfrvm1\/"}]}},"_links":{"self":[{"href":"https:\/\/veterinariacapicuaaldaia.es\/index.php\/wp-json\/wp\/v2\/posts\/2630","targetHints":{"allow":["GET"]}}],"collection":[{"href":"https:\/\/veterinariacapicuaaldaia.es\/index.php\/wp-json\/wp\/v2\/posts"}],"about":[{"href":"https:\/\/veterinariacapicuaaldaia.es\/index.php\/wp-json\/wp\/v2\/types\/post"}],"author":[{"embeddable":true,"href":"https:\/\/veterinariacapicuaaldaia.es\/index.php\/wp-json\/wp\/v2\/users\/1"}],"replies":[{"embeddable":true,"href":"https:\/\/veterinariacapicuaaldaia.es\/index.php\/wp-json\/wp\/v2\/comments?post=2630"}],"version-history":[{"count":2,"href":"https:\/\/veterinariacapicuaaldaia.es\/index.php\/wp-json\/wp\/v2\/posts\/2630\/revisions"}],"predecessor-version":[{"id":2636,"href":"https:\/\/veterinariacapicuaaldaia.es\/index.php\/wp-json\/wp\/v2\/posts\/2630\/revisions\/2636"}],"wp:featuredmedia":[{"embeddable":true,"href":"https:\/\/veterinariacapicuaaldaia.es\/index.php\/wp-json\/wp\/v2\/media\/2631"}],"wp:attachment":[{"href":"https:\/\/veterinariacapicuaaldaia.es\/index.php\/wp-json\/wp\/v2\/media?parent=2630"}],"wp:term":[{"taxonomy":"category","embeddable":true,"href":"https:\/\/veterinariacapicuaaldaia.es\/index.php\/wp-json\/wp\/v2\/categories?post=2630"},{"taxonomy":"post_tag","embeddable":true,"href":"https:\/\/veterinariacapicuaaldaia.es\/index.php\/wp-json\/wp\/v2\/tags?post=2630"}],"curies":[{"name":"wp","href":"https:\/\/api.w.org\/{rel}","templated":true}]}}